{"id":14334,"date":"2018-05-24T00:00:00","date_gmt":"2018-05-23T22:00:00","guid":{"rendered":"https:\/\/demo.wabi.it\/le-manzane\/consegnato-lassegno-solidale"},"modified":"2018-05-24T00:00:00","modified_gmt":"2018-05-23T22:00:00","slug":"consegnato-lassegno-solidale","status":"publish","type":"post","link":"https:\/\/www.lemanzane.com\/en\/consegnato-lassegno-solidale","title":{"rendered":"Guarda il video dell&#8217;Aperitivo Solidale con Giusy Versace e Sammy Basso"},"content":{"rendered":"<p>&#8220;L&#8217;iniziativa<strong> Vendemmia Solidale<\/strong> \u00e8 nata ormai 7 anni fa, quasi per gioco&#8221;, ha spiegato Ernesto ad Eden TV. Venerd\u00ec 18 maggio si \u00e8 tenuto l&#8217;evento di consegna del ricavato della Vendemmia Solidale 2017: quasi 14mila euro sono stati consegnati a <strong>Giusy Versace<\/strong> per essere devoluti in favore della Onlus di cui \u00e8 Presidente: <strong>Disabili No Limits<\/strong>. Questo forte impegno, che ormai unisce da anni la famiglia Balbinot con il mondo del sociale, \u00e8 molto sentito anche da tutte le persone che, numerose ed entusiaste, hanno partecipato all&#8217;evento.<\/p>\n<p>La prossima sar\u00e0 l&#8217;ottava edizione della Vendemmia Solidale e questa volta i protagonisti saranno <strong>Sammy Basso<\/strong> e l&#8217;<strong>Associazione Italiana Progeria <\/strong>che porta il suo nome. Il ricavato servir\u00e0 infatti per la ricerca che, come lo stesso Sammy ha spiegato, sta facendo passi da gigante, anche e soprattutto in Italia.<\/p>\n<p>C&#8217;\u00e8 stato quindi un passaggio di consegna tra Giusy Versace e Sammy Basso, ma rimane sempre lo stesso <strong>spirito di condivisione<\/strong> e la voglia di fare quanto pi\u00f9 possibile per aiutare gli altri. E a proposito di questo&#8230; siete tutti invitati a settembre per la Vendemmia Solidale! Vi aspettiamo!<\/p>\n<p><iframe loading=\"lazy\" title=\"La consegna dell&#039;assegno ad &quot;Aperitivo Solidale&quot; - Le Manzane\" width=\"640\" height=\"360\" src=\"https:\/\/www.youtube.com\/embed\/DUfdg3VMxcs?feature=oembed\" frameborder=\"0\" allow=\"accelerometer; autoplay; clipboard-write; encrypted-media; gyroscope; picture-in-picture\" allowfullscreen><\/iframe><\/p>\n<p>&nbsp;<\/p>\n","protected":false},"excerpt":{"rendered":"<p>&#8220;L&#8217;iniziativa Vendemmia Solidale \u00e8 nata ormai 7 anni fa, quasi per gioco&#8221;, ha spiegato Ernesto ad Eden TV. Venerd\u00ec 18 maggio si \u00e8 tenuto l&#8217;evento di consegna del ricavato della Vendemmia Solidale 2017: quasi 14mila euro sono stati consegnati a Giusy Versace per essere devoluti in favore della Onlus di cui \u00e8 Presidente: Disabili No [&hellip;]<\/p>\n","protected":false},"author":1,"featured_media":14335,"comment_status":"closed","ping_status":"closed","sticky":false,"template":"","format":"standard","meta":{"inline_featured_image":false,"footnotes":""},"categories":[27],"tags":[],"acf":[],"yoast_head":"<!-- This site is optimized with the Yoast SEO plugin v21.3 - https:\/\/yoast.com\/wordpress\/plugins\/seo\/ -->\n<title>Guarda il video dell&#039;Aperitivo Solidale con Giusy Versace e Sammy Basso - Le Manzane<\/title>\n<meta name=\"robots\" content=\"index, follow, max-snippet:-1, max-image-preview:large, max-video-preview:-1\" \/>\n<link rel=\"canonical\" href=\"https:\/\/www.lemanzane.com\/en\/consegnato-lassegno-solidale\" \/>\n<meta property=\"og:locale\" content=\"en_US\" \/>\n<meta property=\"og:type\" content=\"article\" \/>\n<meta property=\"og:title\" content=\"Guarda il video dell&#039;Aperitivo Solidale con Giusy Versace e Sammy Basso - Le Manzane\" \/>\n<meta property=\"og:description\" content=\"&#8220;L&#8217;iniziativa Vendemmia Solidale \u00e8 nata ormai 7 anni fa, quasi per gioco&#8221;, ha spiegato Ernesto ad Eden TV. Venerd\u00ec 18 maggio si \u00e8 tenuto l&#8217;evento di consegna del ricavato della Vendemmia Solidale 2017: quasi 14mila euro sono stati consegnati a Giusy Versace per essere devoluti in favore della Onlus di cui \u00e8 Presidente: Disabili No [&hellip;]\" \/>\n<meta property=\"og:url\" content=\"https:\/\/www.lemanzane.com\/en\/consegnato-lassegno-solidale\" \/>\n<meta property=\"og:site_name\" content=\"Le Manzane\" \/>\n<meta property=\"article:published_time\" content=\"2018-05-23T22:00:00+00:00\" \/>\n<meta property=\"og:image\" content=\"https:\/\/www.lemanzane.com\/wp-content\/uploads\/2018\/05\/anteprima.jpg\" \/>\n\t<meta property=\"og:image:width\" content=\"670\" \/>\n\t<meta property=\"og:image:height\" content=\"422\" \/>\n\t<meta property=\"og:image:type\" content=\"image\/jpeg\" \/>\n<meta name=\"author\" content=\"admin\" \/>\n<meta name=\"twitter:card\" content=\"summary_large_image\" \/>\n<meta name=\"twitter:label1\" content=\"Written by\" \/>\n\t<meta name=\"twitter:data1\" content=\"admin\" \/>\n\t<meta name=\"twitter:label2\" content=\"Est. reading time\" \/>\n\t<meta name=\"twitter:data2\" content=\"1 minute\" \/>\n<script type=\"application\/ld+json\" class=\"yoast-schema-graph\">{\"@context\":\"https:\/\/schema.org\",\"@graph\":[{\"@type\":\"WebPage\",\"@id\":\"https:\/\/www.lemanzane.com\/en\/consegnato-lassegno-solidale\",\"url\":\"https:\/\/www.lemanzane.com\/en\/consegnato-lassegno-solidale\",\"name\":\"Guarda il video dell'Aperitivo Solidale con Giusy Versace e Sammy Basso - Le Manzane\",\"isPartOf\":{\"@id\":\"https:\/\/www.lemanzane.com\/en#website\"},\"datePublished\":\"2018-05-23T22:00:00+00:00\",\"dateModified\":\"2018-05-23T22:00:00+00:00\",\"author\":{\"@id\":\"https:\/\/www.lemanzane.com\/en#\/schema\/person\/e6dda7aa454834615ea236c913ad03b3\"},\"breadcrumb\":{\"@id\":\"https:\/\/www.lemanzane.com\/en\/consegnato-lassegno-solidale#breadcrumb\"},\"inLanguage\":\"en-US\",\"potentialAction\":[{\"@type\":\"ReadAction\",\"target\":[\"https:\/\/www.lemanzane.com\/en\/consegnato-lassegno-solidale\"]}]},{\"@type\":\"BreadcrumbList\",\"@id\":\"https:\/\/www.lemanzane.com\/en\/consegnato-lassegno-solidale#breadcrumb\",\"itemListElement\":[{\"@type\":\"ListItem\",\"position\":1,\"name\":\"Home\",\"item\":\"https:\/\/www.lemanzane.com\/en\"},{\"@type\":\"ListItem\",\"position\":2,\"name\":\"Guarda il video dell&#8217;Aperitivo Solidale con Giusy Versace e Sammy Basso\"}]},{\"@type\":\"WebSite\",\"@id\":\"https:\/\/www.lemanzane.com\/en#website\",\"url\":\"https:\/\/www.lemanzane.com\/en\",\"name\":\"Le Manzane\",\"description\":\"Cantina a San Pietro di Feletto\",\"potentialAction\":[{\"@type\":\"SearchAction\",\"target\":{\"@type\":\"EntryPoint\",\"urlTemplate\":\"https:\/\/www.lemanzane.com\/en?s={search_term_string}\"},\"query-input\":\"required name=search_term_string\"}],\"inLanguage\":\"en-US\"},{\"@type\":\"Person\",\"@id\":\"https:\/\/www.lemanzane.com\/en#\/schema\/person\/e6dda7aa454834615ea236c913ad03b3\",\"name\":\"admin\",\"image\":{\"@type\":\"ImageObject\",\"inLanguage\":\"en-US\",\"@id\":\"https:\/\/www.lemanzane.com\/en#\/schema\/person\/image\/\",\"url\":\"https:\/\/secure.gravatar.com\/avatar\/0203c64317189b052a0e15f71876911b?s=96&d=mm&r=g\",\"contentUrl\":\"https:\/\/secure.gravatar.com\/avatar\/0203c64317189b052a0e15f71876911b?s=96&d=mm&r=g\",\"caption\":\"admin\"},\"sameAs\":[\"https:\/\/demo.wabi.it\/le-manzane\"]}]}<\/script>\n<!-- \/ Yoast SEO plugin. -->","yoast_head_json":{"title":"Guarda il video dell'Aperitivo Solidale con Giusy Versace e Sammy Basso - Le Manzane","robots":{"index":"index","follow":"follow","max-snippet":"max-snippet:-1","max-image-preview":"max-image-preview:large","max-video-preview":"max-video-preview:-1"},"canonical":"https:\/\/www.lemanzane.com\/en\/consegnato-lassegno-solidale","og_locale":"en_US","og_type":"article","og_title":"Guarda il video dell'Aperitivo Solidale con Giusy Versace e Sammy Basso - Le Manzane","og_description":"&#8220;L&#8217;iniziativa Vendemmia Solidale \u00e8 nata ormai 7 anni fa, quasi per gioco&#8221;, ha spiegato Ernesto ad Eden TV. Venerd\u00ec 18 maggio si \u00e8 tenuto l&#8217;evento di consegna del ricavato della Vendemmia Solidale 2017: quasi 14mila euro sono stati consegnati a Giusy Versace per essere devoluti in favore della Onlus di cui \u00e8 Presidente: Disabili No [&hellip;]","og_url":"https:\/\/www.lemanzane.com\/en\/consegnato-lassegno-solidale","og_site_name":"Le Manzane","article_published_time":"2018-05-23T22:00:00+00:00","og_image":[{"width":670,"height":422,"url":"https:\/\/www.lemanzane.com\/wp-content\/uploads\/2018\/05\/anteprima.jpg","type":"image\/jpeg"}],"author":"admin","twitter_card":"summary_large_image","twitter_misc":{"Written by":"admin","Est. reading time":"1 minute"},"schema":{"@context":"https:\/\/schema.org","@graph":[{"@type":"WebPage","@id":"https:\/\/www.lemanzane.com\/en\/consegnato-lassegno-solidale","url":"https:\/\/www.lemanzane.com\/en\/consegnato-lassegno-solidale","name":"Guarda il video dell'Aperitivo Solidale con Giusy Versace e Sammy Basso - Le Manzane","isPartOf":{"@id":"https:\/\/www.lemanzane.com\/en#website"},"datePublished":"2018-05-23T22:00:00+00:00","dateModified":"2018-05-23T22:00:00+00:00","author":{"@id":"https:\/\/www.lemanzane.com\/en#\/schema\/person\/e6dda7aa454834615ea236c913ad03b3"},"breadcrumb":{"@id":"https:\/\/www.lemanzane.com\/en\/consegnato-lassegno-solidale#breadcrumb"},"inLanguage":"en-US","potentialAction":[{"@type":"ReadAction","target":["https:\/\/www.lemanzane.com\/en\/consegnato-lassegno-solidale"]}]},{"@type":"BreadcrumbList","@id":"https:\/\/www.lemanzane.com\/en\/consegnato-lassegno-solidale#breadcrumb","itemListElement":[{"@type":"ListItem","position":1,"name":"Home","item":"https:\/\/www.lemanzane.com\/en"},{"@type":"ListItem","position":2,"name":"Guarda il video dell&#8217;Aperitivo Solidale con Giusy Versace e Sammy Basso"}]},{"@type":"WebSite","@id":"https:\/\/www.lemanzane.com\/en#website","url":"https:\/\/www.lemanzane.com\/en","name":"Le Manzane","description":"Cantina a San Pietro di Feletto","potentialAction":[{"@type":"SearchAction","target":{"@type":"EntryPoint","urlTemplate":"https:\/\/www.lemanzane.com\/en?s={search_term_string}"},"query-input":"required name=search_term_string"}],"inLanguage":"en-US"},{"@type":"Person","@id":"https:\/\/www.lemanzane.com\/en#\/schema\/person\/e6dda7aa454834615ea236c913ad03b3","name":"admin","image":{"@type":"ImageObject","inLanguage":"en-US","@id":"https:\/\/www.lemanzane.com\/en#\/schema\/person\/image\/","url":"https:\/\/secure.gravatar.com\/avatar\/0203c64317189b052a0e15f71876911b?s=96&d=mm&r=g","contentUrl":"https:\/\/secure.gravatar.com\/avatar\/0203c64317189b052a0e15f71876911b?s=96&d=mm&r=g","caption":"admin"},"sameAs":["https:\/\/demo.wabi.it\/le-manzane"]}]}},"_links":{"self":[{"href":"https:\/\/www.lemanzane.com\/en\/wp-json\/wp\/v2\/posts\/14334"}],"collection":[{"href":"https:\/\/www.lemanzane.com\/en\/wp-json\/wp\/v2\/posts"}],"about":[{"href":"https:\/\/www.lemanzane.com\/en\/wp-json\/wp\/v2\/types\/post"}],"author":[{"embeddable":true,"href":"https:\/\/www.lemanzane.com\/en\/wp-json\/wp\/v2\/users\/1"}],"replies":[{"embeddable":true,"href":"https:\/\/www.lemanzane.com\/en\/wp-json\/wp\/v2\/comments?post=14334"}],"version-history":[{"count":0,"href":"https:\/\/www.lemanzane.com\/en\/wp-json\/wp\/v2\/posts\/14334\/revisions"}],"wp:featuredmedia":[{"embeddable":true,"href":"https:\/\/www.lemanzane.com\/en\/wp-json\/wp\/v2\/media\/14335"}],"wp:attachment":[{"href":"https:\/\/www.lemanzane.com\/en\/wp-json\/wp\/v2\/media?parent=14334"}],"wp:term":[{"taxonomy":"category","embeddable":true,"href":"https:\/\/www.lemanzane.com\/en\/wp-json\/wp\/v2\/categories?post=14334"},{"taxonomy":"post_tag","embeddable":true,"href":"https:\/\/www.lemanzane.com\/en\/wp-json\/wp\/v2\/tags?post=14334"}],"curies":[{"name":"wp","href":"https:\/\/api.w.org\/{rel}","templated":true}]}}