{"id":14428,"date":"2019-08-26T00:00:00","date_gmt":"2019-08-25T22:00:00","guid":{"rendered":"https:\/\/demo.wabi.it\/le-manzane\/domenica-8-settembre-a-le-manzane-si-vendemmia-per-la-sla"},"modified":"2019-08-26T00:00:00","modified_gmt":"2019-08-25T22:00:00","slug":"domenica-8-settembre-a-le-manzane-si-vendemmia-per-la-sla","status":"publish","type":"post","link":"https:\/\/www.lemanzane.com\/en\/domenica-8-settembre-a-le-manzane-si-vendemmia-per-la-sla","title":{"rendered":"Domenica 8 settembre a Le Manzane si vendemmia per la SLA"},"content":{"rendered":"<p>E\u2019 tempo di vendemmia alla cantina <strong>Le Manzane<\/strong>, nel cuore delle terre del Prosecco Superiore. Si prepara il vino che verr\u00e0 e anche quest&#8217;anno sar\u00e0 due volte buono perch\u00e9 con i fondi raccolti si aiuta la ricerca sulla SLA. Torna <strong>domenica 8 settembre 2019<\/strong> la vendemmia solidale, una grande festa aperta a tutti in programma, dalle 9.00 alle 16.00, tra i vigneti della tenuta di San Pietro di Feletto (TV). Il ricavato della manifestazione, giunta all\u2019ottava edizione, sar\u00e0 devoluto alla <strong>onlus Revert<\/strong> per la cura della sclerosi laterale amiotrofica, grazie ad un progetto sviluppato in collaborazione con l\u2019impresa sociale <strong>Edipo Re<\/strong>.<img decoding=\"async\" loading=\"lazy\" class=\" wp-image-1617 alignright\" src=\"https:\/\/demo.wabi.it\/le-manzane\/wp-content\/uploads\/2021\/10\/vendemmiasolidale19.png\" alt=\"\" width=\"387\" height=\"591\" \/><\/p>\n<p>La vendemmia \u00e8 un rito dal fascino ancestrale, una delle esperienze pi\u00f9 vere e suggestive che si possano vivere: domenica 8 settembre tutti possono trasformarsi in vignaioli per un giorno e trascorrere una giornata tra le Colline del Prosecco Superiore &#8211; proclamate il 7 luglio di quest\u2019anno Patrimonio Mondiale dell\u2019Umanit\u00e0 UNESCO &#8211; in un\u2019atmosfera magica e d\u2019altri tempi, godendosi lo spettacolo tra i filari e i profumi che sprigiona l\u2019uva appena raccolta in una rilassante domenica settembrina.<\/p>\n<p>La giornata inizier\u00e0 con la vendemmia, proseguir\u00e0 con la musica dal vivo e i giochi di strada per i pi\u00f9 piccoli, l\u2019aperitivo a base di Prosecco Superiore Docg accompagnato da uno sfizioso finger food di pesce, una ghiotta merenda in \u201ccaneva\u201d e si concluder\u00e0 con il momento pi\u00f9 atteso da tutti i golosi, una sfida dedicata al tiramis\u00f9, il dolce italiano pi\u00f9 famoso al mondo, nato a pochi chilometri di distanza dalle Colline del Prosecco Superiore. Chi vincer\u00e0? La ricetta originale o la ricetta creativa? Sar\u00e0 una giuria, sorteggiata tra i partecipanti alla vendemmia solidale, a decretare quale sar\u00e0 il tiramis\u00f9 pi\u00f9 buono con un presidente d\u2019eccezione: il Campione del Mondo di Tiramis\u00f9 2017, il feltrino <strong>Andrea Ciccolella<\/strong>. Alla fine l\u2019irresistibile dolce al cucchiaio sar\u00e0 servito a tutti.<\/p>\n<p>La sclerosi laterale amiotrofica (SLA) \u00e8 una malattia ad evoluzione progressiva che colpisce le cellule nervose cerebrali e del midollo spinale che permettono i movimenti della muscolatura volontaria. Ne sono affette 7 mila persone in Italia. Ogni anno si contano 3 nuovi malati ogni 100 mila persone, pari a circa 1.500 nuovi casi.<\/p>\n<p>L\u2019associazione Revert Onlus nasce nel 2003 per finanziare, promuovere e incentivare la ricerca per trovare una cura alle malattie neurodegenerative. Al momento la sperimentazione clinica su pazienti affetti da SLA, condotta dal prof. Angelo Vescovi, \u00e8 una delle pi\u00f9 avanzate nel panorama scientifico internazionale. Revert \u00e8 la prima associazione non profit al mondo ad aver effettuato trapianti di cellule staminali cerebrali prive di problematiche etiche.<\/p>\n<p>L\u2019edizione 2019 della vendemmia solidale sar\u00e0 presentata <strong>venerd\u00ec 6 settembre 2019 a Isola Edipo<\/strong>, rassegna che si svolge tra la fine di agosto e i primi dieci giorni di settembre al Lido di Venezia durante la <strong>Mostra del Cinema<\/strong>, a bordo e attorno all\u2019Edipo Re, la storica imbarcazione che Pier Paolo Pasolini ha condiviso con il pittore Giuseppe Zigaina. I vini della cantina Le Manzane saranno presenti al Social Food Festival, uno spazio degustazione nel cuore della mostra con prodotti a kilometro etico come il prosecco solidale che sar\u00e0 stappato durante la festa finale della Biennale.<\/p>\n<p><strong>In sette edizioni sono stati raccolti 65 mila euro. I fondi sono stati destinati a progetti di ricerca o per aiutare persone in difficolt\u00e0.<\/strong><\/p>\n<p>L\u2019evento \u00e8 aperto a tutti.<\/p>\n<p>I posti in cantina sono limitati e su prenotazione.<br \/>\n<strong>Per iscrizioni telefonare allo 0438 486606 o scrivere a info@lemanzane.it.<\/strong><\/p>\n<p><strong>PROGRAMMA :<\/strong><\/p>\n<p>Ore 9.00 &#8211; Apertura della giornata di vendemmia solidale, accoglienza e registrazione degli ospiti all\u2019ingresso, distribuzione dei braccialetti a ricordo dell\u2019evento.<\/p>\n<p>Ore 9.30 &#8211; Inizio vendemmia solidale.<\/p>\n<p>Ore 11.30 &#8211; Musica dal vivo con il gruppo Segnali Caotici e Alberto Ceschin.<\/p>\n<p>Ore 12.00 &#8211; Aperitivo con Prosecco Superiore Docg accompagnato da uno sfizioso finger food di pesce in collaborazione con Ca\u2019 del Poggio Ristorante &amp; Resort.<\/p>\n<p>Ore 13.00 &#8211; Pranzo in caneva. A seguire momento tiramis\u00f9 con il Campione del Mondo Andrea Ciccolella.<\/p>\n<p>Ore 16.00 &#8211; Ringraziamento agli ospiti, saluti e chiusura attivit\u00e0.<\/p>\n<p>Durante la giornata momenti di intrattenimento e giochi di strada.<\/p>\n<p>I partner e gli sponsor che hanno condiviso gli obiettivi benefici della vendemmia solidale 2019 sono: Antenna Tre, Arti Grafiche Conegliano, Banca Prealpi SanBiagio, Battistella Capsule, Dersut Caffe\u2019, Foto Francesco Galifi, Generalvetri, Icas, Ideeuropee, Ristorante Relais Ca\u2019 del Poggio, Rotas, S. Bernardo Tappi Spumante e S&#8217;Paul n&#8217; Co. Design.<\/p>\n<p>L\u2019iniziativa \u00e8 patrocinata dalla Regione del Veneto, dalla Provincia di Treviso e dai Comuni di San Pietro di Feletto, Conegliano e Valdobbiadene con il sostegno del Consorzio Tutela del Vino Conegliano Valdobbiadene Prosecco, dell\u2019associazione di promozione sociale XI di \u201cMarca\u201d e del Club n\u00b0 40 Frecce Tricolori Conegliano.<\/p>\n","protected":false},"excerpt":{"rendered":"<p>E\u2019 tempo di vendemmia alla cantina Le Manzane, nel cuore delle terre del Prosecco Superiore. Si prepara il vino che verr\u00e0 e anche quest&#8217;anno sar\u00e0 due volte buono perch\u00e9 con i fondi raccolti si aiuta la ricerca sulla SLA. Torna domenica 8 settembre 2019 la vendemmia solidale, una grande festa aperta a tutti in programma, [&hellip;]<\/p>\n","protected":false},"author":1,"featured_media":14429,"comment_status":"closed","ping_status":"closed","sticky":false,"template":"","format":"standard","meta":{"inline_featured_image":false,"footnotes":""},"categories":[27,28],"tags":[],"acf":[],"yoast_head":"<!-- This site is optimized with the Yoast SEO plugin v21.3 - https:\/\/yoast.com\/wordpress\/plugins\/seo\/ -->\n<title>Domenica 8 settembre a Le Manzane si vendemmia per la SLA - Le Manzane<\/title>\n<meta name=\"robots\" content=\"index, follow, max-snippet:-1, max-image-preview:large, max-video-preview:-1\" \/>\n<link rel=\"canonical\" href=\"https:\/\/www.lemanzane.com\/en\/domenica-8-settembre-a-le-manzane-si-vendemmia-per-la-sla\" \/>\n<meta property=\"og:locale\" content=\"en_US\" \/>\n<meta property=\"og:type\" content=\"article\" \/>\n<meta property=\"og:title\" content=\"Domenica 8 settembre a Le Manzane si vendemmia per la SLA - Le Manzane\" \/>\n<meta property=\"og:description\" content=\"E\u2019 tempo di vendemmia alla cantina Le Manzane, nel cuore delle terre del Prosecco Superiore. Si prepara il vino che verr\u00e0 e anche quest&#8217;anno sar\u00e0 due volte buono perch\u00e9 con i fondi raccolti si aiuta la ricerca sulla SLA. Torna domenica 8 settembre 2019 la vendemmia solidale, una grande festa aperta a tutti in programma, [&hellip;]\" \/>\n<meta property=\"og:url\" content=\"https:\/\/www.lemanzane.com\/en\/domenica-8-settembre-a-le-manzane-si-vendemmia-per-la-sla\" \/>\n<meta property=\"og:site_name\" content=\"Le Manzane\" \/>\n<meta property=\"article:published_time\" content=\"2019-08-25T22:00:00+00:00\" \/>\n<meta property=\"og:image\" content=\"https:\/\/www.lemanzane.com\/wp-content\/uploads\/2019\/08\/Immagine-sito.jpg\" \/>\n\t<meta property=\"og:image:width\" content=\"500\" \/>\n\t<meta property=\"og:image:height\" content=\"350\" \/>\n\t<meta property=\"og:image:type\" content=\"image\/jpeg\" \/>\n<meta name=\"author\" content=\"admin\" \/>\n<meta name=\"twitter:card\" content=\"summary_large_image\" \/>\n<meta name=\"twitter:label1\" content=\"Written by\" \/>\n\t<meta name=\"twitter:data1\" content=\"admin\" \/>\n\t<meta name=\"twitter:label2\" content=\"Est. reading time\" \/>\n\t<meta name=\"twitter:data2\" content=\"4 minutes\" \/>\n<script type=\"application\/ld+json\" class=\"yoast-schema-graph\">{\"@context\":\"https:\/\/schema.org\",\"@graph\":[{\"@type\":\"WebPage\",\"@id\":\"https:\/\/www.lemanzane.com\/en\/domenica-8-settembre-a-le-manzane-si-vendemmia-per-la-sla\",\"url\":\"https:\/\/www.lemanzane.com\/en\/domenica-8-settembre-a-le-manzane-si-vendemmia-per-la-sla\",\"name\":\"Domenica 8 settembre a Le Manzane si vendemmia per la SLA - Le Manzane\",\"isPartOf\":{\"@id\":\"https:\/\/www.lemanzane.com\/en#website\"},\"datePublished\":\"2019-08-25T22:00:00+00:00\",\"dateModified\":\"2019-08-25T22:00:00+00:00\",\"author\":{\"@id\":\"https:\/\/www.lemanzane.com\/en#\/schema\/person\/e6dda7aa454834615ea236c913ad03b3\"},\"breadcrumb\":{\"@id\":\"https:\/\/www.lemanzane.com\/en\/domenica-8-settembre-a-le-manzane-si-vendemmia-per-la-sla#breadcrumb\"},\"inLanguage\":\"en-US\",\"potentialAction\":[{\"@type\":\"ReadAction\",\"target\":[\"https:\/\/www.lemanzane.com\/en\/domenica-8-settembre-a-le-manzane-si-vendemmia-per-la-sla\"]}]},{\"@type\":\"BreadcrumbList\",\"@id\":\"https:\/\/www.lemanzane.com\/en\/domenica-8-settembre-a-le-manzane-si-vendemmia-per-la-sla#breadcrumb\",\"itemListElement\":[{\"@type\":\"ListItem\",\"position\":1,\"name\":\"Home\",\"item\":\"https:\/\/www.lemanzane.com\/en\"},{\"@type\":\"ListItem\",\"position\":2,\"name\":\"Domenica 8 settembre a Le Manzane si vendemmia per la SLA\"}]},{\"@type\":\"WebSite\",\"@id\":\"https:\/\/www.lemanzane.com\/en#website\",\"url\":\"https:\/\/www.lemanzane.com\/en\",\"name\":\"Le Manzane\",\"description\":\"Cantina a San Pietro di Feletto\",\"potentialAction\":[{\"@type\":\"SearchAction\",\"target\":{\"@type\":\"EntryPoint\",\"urlTemplate\":\"https:\/\/www.lemanzane.com\/en?s={search_term_string}\"},\"query-input\":\"required name=search_term_string\"}],\"inLanguage\":\"en-US\"},{\"@type\":\"Person\",\"@id\":\"https:\/\/www.lemanzane.com\/en#\/schema\/person\/e6dda7aa454834615ea236c913ad03b3\",\"name\":\"admin\",\"image\":{\"@type\":\"ImageObject\",\"inLanguage\":\"en-US\",\"@id\":\"https:\/\/www.lemanzane.com\/en#\/schema\/person\/image\/\",\"url\":\"https:\/\/secure.gravatar.com\/avatar\/0203c64317189b052a0e15f71876911b?s=96&d=mm&r=g\",\"contentUrl\":\"https:\/\/secure.gravatar.com\/avatar\/0203c64317189b052a0e15f71876911b?s=96&d=mm&r=g\",\"caption\":\"admin\"},\"sameAs\":[\"https:\/\/demo.wabi.it\/le-manzane\"]}]}<\/script>\n<!-- \/ Yoast SEO plugin. -->","yoast_head_json":{"title":"Domenica 8 settembre a Le Manzane si vendemmia per la SLA - Le Manzane","robots":{"index":"index","follow":"follow","max-snippet":"max-snippet:-1","max-image-preview":"max-image-preview:large","max-video-preview":"max-video-preview:-1"},"canonical":"https:\/\/www.lemanzane.com\/en\/domenica-8-settembre-a-le-manzane-si-vendemmia-per-la-sla","og_locale":"en_US","og_type":"article","og_title":"Domenica 8 settembre a Le Manzane si vendemmia per la SLA - Le Manzane","og_description":"E\u2019 tempo di vendemmia alla cantina Le Manzane, nel cuore delle terre del Prosecco Superiore. Si prepara il vino che verr\u00e0 e anche quest&#8217;anno sar\u00e0 due volte buono perch\u00e9 con i fondi raccolti si aiuta la ricerca sulla SLA. Torna domenica 8 settembre 2019 la vendemmia solidale, una grande festa aperta a tutti in programma, [&hellip;]","og_url":"https:\/\/www.lemanzane.com\/en\/domenica-8-settembre-a-le-manzane-si-vendemmia-per-la-sla","og_site_name":"Le Manzane","article_published_time":"2019-08-25T22:00:00+00:00","og_image":[{"width":500,"height":350,"url":"https:\/\/www.lemanzane.com\/wp-content\/uploads\/2019\/08\/Immagine-sito.jpg","type":"image\/jpeg"}],"author":"admin","twitter_card":"summary_large_image","twitter_misc":{"Written by":"admin","Est. reading time":"4 minutes"},"schema":{"@context":"https:\/\/schema.org","@graph":[{"@type":"WebPage","@id":"https:\/\/www.lemanzane.com\/en\/domenica-8-settembre-a-le-manzane-si-vendemmia-per-la-sla","url":"https:\/\/www.lemanzane.com\/en\/domenica-8-settembre-a-le-manzane-si-vendemmia-per-la-sla","name":"Domenica 8 settembre a Le Manzane si vendemmia per la SLA - Le Manzane","isPartOf":{"@id":"https:\/\/www.lemanzane.com\/en#website"},"datePublished":"2019-08-25T22:00:00+00:00","dateModified":"2019-08-25T22:00:00+00:00","author":{"@id":"https:\/\/www.lemanzane.com\/en#\/schema\/person\/e6dda7aa454834615ea236c913ad03b3"},"breadcrumb":{"@id":"https:\/\/www.lemanzane.com\/en\/domenica-8-settembre-a-le-manzane-si-vendemmia-per-la-sla#breadcrumb"},"inLanguage":"en-US","potentialAction":[{"@type":"ReadAction","target":["https:\/\/www.lemanzane.com\/en\/domenica-8-settembre-a-le-manzane-si-vendemmia-per-la-sla"]}]},{"@type":"BreadcrumbList","@id":"https:\/\/www.lemanzane.com\/en\/domenica-8-settembre-a-le-manzane-si-vendemmia-per-la-sla#breadcrumb","itemListElement":[{"@type":"ListItem","position":1,"name":"Home","item":"https:\/\/www.lemanzane.com\/en"},{"@type":"ListItem","position":2,"name":"Domenica 8 settembre a Le Manzane si vendemmia per la SLA"}]},{"@type":"WebSite","@id":"https:\/\/www.lemanzane.com\/en#website","url":"https:\/\/www.lemanzane.com\/en","name":"Le Manzane","description":"Cantina a San Pietro di Feletto","potentialAction":[{"@type":"SearchAction","target":{"@type":"EntryPoint","urlTemplate":"https:\/\/www.lemanzane.com\/en?s={search_term_string}"},"query-input":"required name=search_term_string"}],"inLanguage":"en-US"},{"@type":"Person","@id":"https:\/\/www.lemanzane.com\/en#\/schema\/person\/e6dda7aa454834615ea236c913ad03b3","name":"admin","image":{"@type":"ImageObject","inLanguage":"en-US","@id":"https:\/\/www.lemanzane.com\/en#\/schema\/person\/image\/","url":"https:\/\/secure.gravatar.com\/avatar\/0203c64317189b052a0e15f71876911b?s=96&d=mm&r=g","contentUrl":"https:\/\/secure.gravatar.com\/avatar\/0203c64317189b052a0e15f71876911b?s=96&d=mm&r=g","caption":"admin"},"sameAs":["https:\/\/demo.wabi.it\/le-manzane"]}]}},"_links":{"self":[{"href":"https:\/\/www.lemanzane.com\/en\/wp-json\/wp\/v2\/posts\/14428"}],"collection":[{"href":"https:\/\/www.lemanzane.com\/en\/wp-json\/wp\/v2\/posts"}],"about":[{"href":"https:\/\/www.lemanzane.com\/en\/wp-json\/wp\/v2\/types\/post"}],"author":[{"embeddable":true,"href":"https:\/\/www.lemanzane.com\/en\/wp-json\/wp\/v2\/users\/1"}],"replies":[{"embeddable":true,"href":"https:\/\/www.lemanzane.com\/en\/wp-json\/wp\/v2\/comments?post=14428"}],"version-history":[{"count":0,"href":"https:\/\/www.lemanzane.com\/en\/wp-json\/wp\/v2\/posts\/14428\/revisions"}],"wp:featuredmedia":[{"embeddable":true,"href":"https:\/\/www.lemanzane.com\/en\/wp-json\/wp\/v2\/media\/14429"}],"wp:attachment":[{"href":"https:\/\/www.lemanzane.com\/en\/wp-json\/wp\/v2\/media?parent=14428"}],"wp:term":[{"taxonomy":"category","embeddable":true,"href":"https:\/\/www.lemanzane.com\/en\/wp-json\/wp\/v2\/categories?post=14428"},{"taxonomy":"post_tag","embeddable":true,"href":"https:\/\/www.lemanzane.com\/en\/wp-json\/wp\/v2\/tags?post=14428"}],"curies":[{"name":"wp","href":"https:\/\/api.w.org\/{rel}","templated":true}]}}