{"id":14433,"date":"2019-09-18T00:00:00","date_gmt":"2019-09-17T22:00:00","guid":{"rendered":"https:\/\/demo.wabi.it\/le-manzane\/vendemmia-solidale-la-pioggia-non-ferma-la-festa"},"modified":"2019-09-18T00:00:00","modified_gmt":"2019-09-17T22:00:00","slug":"vendemmia-solidale-la-pioggia-non-ferma-la-festa","status":"publish","type":"post","link":"https:\/\/www.lemanzane.com\/en\/vendemmia-solidale-la-pioggia-non-ferma-la-festa","title":{"rendered":"Vendemmia solidale, la pioggia non ferma la festa"},"content":{"rendered":"<p>Vendemmia bagnata, vendemmia fortunata. La pioggia non ha fermato la solidariet\u00e0 e i sorrisi nella nostra,\u00a0dove domenica 8 settembre,\u00a0<strong>500 persone<\/strong> hanno sfidato il maltempo per partecipare della grande festa dell\u2019uva giunta ormai all\u2019ottava edizione. Tra gli ospiti d\u2019onore <strong>Sammy Basso<\/strong>, l\u2019ex cestista italiano <strong>Riccardo Pittis<\/strong>, il campione 2017 della Tiramis\u00f9 World Cup <strong>Andrea Ciccolella<\/strong>, il governatore del Veneto <strong>Luca Zaia<\/strong> e l\u2019assessore regionale <strong>Federico Caner<\/strong>.<img decoding=\"async\" loading=\"lazy\" class=\"wp-image-1638 alignright\" src=\"https:\/\/demo.wabi.it\/le-manzane\/wp-content\/uploads\/2021\/10\/venedemmia-dentro.jpg\" alt=\"\" width=\"365\" height=\"243\" \/><\/p>\n<p>\u00abAbbiamo raccolto 4-5 quintali di glera &#8211; spiega il <strong>proprietario Ernesto Balbinot<\/strong> &#8211; in settimana provvederemo comunque, con i nostri ragazzi, a raccogliere l\u2019uva necessaria e a destinarla alle dovute finalit\u00e0 della vendemmia solidale. Il ricavato di quest\u2019anno sar\u00e0 devoluto alla <strong>onlus Revert per la ricerca sulla SLA<\/strong>, grazie ad un progetto sviluppato in collaborazione con l\u2019impresa sociale <strong>Edipo Re<\/strong>\u00bb.<\/p>\n<p>Dopo la vendemmia, la festa \u00e8 continuata sotto la <strong>tensostruttura <\/strong>noleggiata per l\u2019occasione con l\u2019aperitivo a base di Prosecco Superiore Docg accompagnato da uno sfizioso cicchetto, il \u201cBocconcino di baccal\u00e0 dorato con zucchine\u201d offerto da Alberto e Marco Stocco di <strong>Ca\u2019 del Poggio<\/strong> che hanno ospitato sabato sera, nell\u2019elegante sala panoramica del ristorante, una <strong>cena conviviale di buon auspicio per la vendemmia<\/strong>. Ad animare la festa il gruppo <strong>Segnali Caotici con Alberto Ceschin<\/strong> e il giocoliere\/equilibrista <strong>Manuele Pascal. <\/strong>La giornata si \u00e8 conclusa con il <strong>pranzo<\/strong> in \u201ccaneva\u201d e la <strong>gara di tiramis\u00f9<\/strong>. Andrea Ciccolella, campione 2017 della <strong>Tiramis\u00f9 World Cup<\/strong>, ha decretato la <strong>vittoria della versione classica<\/strong> su quella innovativa (ganache di cioccolato, pan di Spagna al posto dei savoiardi e amaretti) &#8211; entrambe preparate dalla <strong>Pasticceria Alpago di Conegliano <\/strong>&#8211; dopo un ex aequo della giuria sorteggiata tra i partecipanti alla vendemmia solidale.<\/p>\n<p>Il <strong>governatore del Veneto, Luca Zaia<\/strong>, ha definito la famiglia Balbinot (Ernesto, la moglie Silvana, i figli Marco e Anna) un esempio di \u00abdeterminazione, sacrificio e voglia di fare\u00bb. \u00ab1 persona su 5 fa volontariato in Veneto ed \u00e8 esattamente questo il significato che vogliamo dare all\u2019evento di oggi diventato ormai un appuntamento annuale che tutti noi seguiamo, tanto \u00e8 vero che \u00e8 pieno di gente nonostante la pioggia\u00bb.<\/p>\n<p>\u00abLa ricerca ha fatto molti passi in avanti in questi anni e tanti ne deve fare ancora &#8211; ha detto <strong>il sindaco di San Pietro di Feletto, Maria Assunta Rizzo<\/strong> &#8211; ma \u00e8 grazie a voi che siete qui oggi che possiamo dare il nostro contributo alla cura della sclerosi laterale amiotrofica\u00bb.<\/p>\n<p>L\u2019associazione Revert Onlus nasce nel 2003 per finanziare, promuovere e incentivare la ricerca per arginare i danni provocati dalle malattie neurodegenerative. \u00abAl momento &#8211; hanno spiegato <strong>Angelo Righetti, membro del consiglio direttivo di Revert e Maurizio Gelati, responsabile della Banca delle Cellule Staminali di Terni<\/strong> &#8211; la sperimentazione clinica sui pazienti affetti da SLA, condotta dal prof. Angelo Vescovi, \u00e8 una delle pi\u00f9 avanzate nel panorama scientifico internazionale. Revert \u00e8 la prima associazione non profit al mondo ad aver effettuato trapianti di cellule staminali cerebrali prive di problematiche etiche perch\u00e9 sono derivate da feti abortiti spontaneamente\u00bb.<\/p>\n<p>La vendemmia solidale \u00e8 stata presentata, nei giorni scorsi, alla <strong>Mostra del Cinema di Venezia<\/strong>, a bordo e attorno all\u2019Edipo Re, la storica imbarcazione che Pier Paolo Pasolini ha condiviso con il pittore Giuseppe Zigaina. \u00abQuest\u2019anno con Le Manzane &#8211; ha spiegato <strong>Sibylle Righetti, presidente di Edipo Re<\/strong> &#8211; abbiamo voluto stringere una collaborazione che non si limita a questa edizione. Ogni anno che la cantina far\u00e0 la vendemmia benefica sar\u00e0 presente al Lido e compreremo il <strong>prosecco solidale<\/strong> per venderlo durante il Social Food Festival, uno spazio degustazione nel cuore della mostra con <strong>prodotti a kilometro etico<\/strong>. <strong>Comunicare, fare rete \u00e8 il modo migliore per promuovere un turismo solidale, capace di dare valore a questo territorio<\/strong>\u00bb.<\/p>\n<p>\u00abAl di l\u00e0 delle varie malattie di riferimento a cui si rivolge &#8211; ha spiegato <strong>Daniele Furlan, coordinatore del Comitato Melograno<\/strong> &#8211; la ricerca va finanziata sempre e comunque per due motivi: il primo perch\u00e9 aiutare la ricerca \u00e8 un dovere non solo verso noi stessi, ma anche verso chi verr\u00e0 dopo di noi e poi perch\u00e9 aiutando la ricerca noi contribuiamo a far rimanere in Italia tanti validi ricercatori che altrimenti sono costretti ad andare all\u2019estero\u00bb.<\/p>\n<p><strong>I partner e gli sponsor che hanno condiviso gli obiettivi benefici della vendemmia solidale 2019 sono:<\/strong> Antenna Tre, Arti Grafiche Conegliano, Banca Prealpi SanBiagio, Battistella Capsule, Dersut Caffe\u2019, Foto Francesco Galifi, Generalvetri, Icas, Ideeuropee, Ristorante Relais Ca\u2019 del Poggio, Rotas, S. Bernardo Tappi Spumante e S&#8217;Paul n&#8217; Co. Design.<\/p>\n<p>L\u2019iniziativa \u00e8 patrocinata dalla Regione del Veneto, dalla Provincia di Treviso e dai Comuni di San Pietro di Feletto, Conegliano e Valdobbiadene con il sostegno del Consorzio Tutela del Vino Conegliano Valdobbiadene Prosecco, dell\u2019associazione di promozione sociale XI di \u201cMarca\u201d e del Club n\u00b0 40 Frecce Tricolori Conegliano.<\/p>\n<p>&nbsp;<\/p>\n<p>&nbsp;<\/p>\n","protected":false},"excerpt":{"rendered":"<p>Vendemmia bagnata, vendemmia fortunata. La pioggia non ha fermato la solidariet\u00e0 e i sorrisi nella nostra,\u00a0dove domenica 8 settembre,\u00a0500 persone hanno sfidato il maltempo per partecipare della grande festa dell\u2019uva giunta ormai all\u2019ottava edizione. Tra gli ospiti d\u2019onore Sammy Basso, l\u2019ex cestista italiano Riccardo Pittis, il campione 2017 della Tiramis\u00f9 World Cup Andrea Ciccolella, il [&hellip;]<\/p>\n","protected":false},"author":1,"featured_media":14434,"comment_status":"closed","ping_status":"closed","sticky":false,"template":"","format":"standard","meta":{"inline_featured_image":false,"footnotes":""},"categories":[27,28],"tags":[],"acf":[],"yoast_head":"<!-- This site is optimized with the Yoast SEO plugin v21.3 - https:\/\/yoast.com\/wordpress\/plugins\/seo\/ -->\n<title>Vendemmia solidale, la pioggia non ferma la festa - Le Manzane<\/title>\n<meta name=\"robots\" content=\"index, follow, max-snippet:-1, max-image-preview:large, max-video-preview:-1\" \/>\n<link rel=\"canonical\" href=\"https:\/\/www.lemanzane.com\/en\/vendemmia-solidale-la-pioggia-non-ferma-la-festa\" \/>\n<meta property=\"og:locale\" content=\"en_US\" \/>\n<meta property=\"og:type\" content=\"article\" \/>\n<meta property=\"og:title\" content=\"Vendemmia solidale, la pioggia non ferma la festa - Le Manzane\" \/>\n<meta property=\"og:description\" content=\"Vendemmia bagnata, vendemmia fortunata. La pioggia non ha fermato la solidariet\u00e0 e i sorrisi nella nostra,\u00a0dove domenica 8 settembre,\u00a0500 persone hanno sfidato il maltempo per partecipare della grande festa dell\u2019uva giunta ormai all\u2019ottava edizione. Tra gli ospiti d\u2019onore Sammy Basso, l\u2019ex cestista italiano Riccardo Pittis, il campione 2017 della Tiramis\u00f9 World Cup Andrea Ciccolella, il [&hellip;]\" \/>\n<meta property=\"og:url\" content=\"https:\/\/www.lemanzane.com\/en\/vendemmia-solidale-la-pioggia-non-ferma-la-festa\" \/>\n<meta property=\"og:site_name\" content=\"Le Manzane\" \/>\n<meta property=\"article:published_time\" content=\"2019-09-17T22:00:00+00:00\" \/>\n<meta property=\"og:image\" content=\"https:\/\/www.lemanzane.com\/wp-content\/uploads\/2019\/09\/vendemmia-home-e1568822729536.jpg\" \/>\n\t<meta property=\"og:image:width\" content=\"500\" \/>\n\t<meta property=\"og:image:height\" content=\"430\" \/>\n\t<meta property=\"og:image:type\" content=\"image\/jpeg\" \/>\n<meta name=\"author\" content=\"admin\" \/>\n<meta name=\"twitter:card\" content=\"summary_large_image\" \/>\n<meta name=\"twitter:label1\" content=\"Written by\" \/>\n\t<meta name=\"twitter:data1\" content=\"admin\" \/>\n\t<meta name=\"twitter:label2\" content=\"Est. reading time\" \/>\n\t<meta name=\"twitter:data2\" content=\"4 minutes\" \/>\n<script type=\"application\/ld+json\" class=\"yoast-schema-graph\">{\"@context\":\"https:\/\/schema.org\",\"@graph\":[{\"@type\":\"WebPage\",\"@id\":\"https:\/\/www.lemanzane.com\/en\/vendemmia-solidale-la-pioggia-non-ferma-la-festa\",\"url\":\"https:\/\/www.lemanzane.com\/en\/vendemmia-solidale-la-pioggia-non-ferma-la-festa\",\"name\":\"Vendemmia solidale, la pioggia non ferma la festa - Le Manzane\",\"isPartOf\":{\"@id\":\"https:\/\/www.lemanzane.com\/en#website\"},\"datePublished\":\"2019-09-17T22:00:00+00:00\",\"dateModified\":\"2019-09-17T22:00:00+00:00\",\"author\":{\"@id\":\"https:\/\/www.lemanzane.com\/en#\/schema\/person\/e6dda7aa454834615ea236c913ad03b3\"},\"breadcrumb\":{\"@id\":\"https:\/\/www.lemanzane.com\/en\/vendemmia-solidale-la-pioggia-non-ferma-la-festa#breadcrumb\"},\"inLanguage\":\"en-US\",\"potentialAction\":[{\"@type\":\"ReadAction\",\"target\":[\"https:\/\/www.lemanzane.com\/en\/vendemmia-solidale-la-pioggia-non-ferma-la-festa\"]}]},{\"@type\":\"BreadcrumbList\",\"@id\":\"https:\/\/www.lemanzane.com\/en\/vendemmia-solidale-la-pioggia-non-ferma-la-festa#breadcrumb\",\"itemListElement\":[{\"@type\":\"ListItem\",\"position\":1,\"name\":\"Home\",\"item\":\"https:\/\/www.lemanzane.com\/en\"},{\"@type\":\"ListItem\",\"position\":2,\"name\":\"Vendemmia solidale, la pioggia non ferma la festa\"}]},{\"@type\":\"WebSite\",\"@id\":\"https:\/\/www.lemanzane.com\/en#website\",\"url\":\"https:\/\/www.lemanzane.com\/en\",\"name\":\"Le Manzane\",\"description\":\"Cantina a San Pietro di Feletto\",\"potentialAction\":[{\"@type\":\"SearchAction\",\"target\":{\"@type\":\"EntryPoint\",\"urlTemplate\":\"https:\/\/www.lemanzane.com\/en?s={search_term_string}\"},\"query-input\":\"required name=search_term_string\"}],\"inLanguage\":\"en-US\"},{\"@type\":\"Person\",\"@id\":\"https:\/\/www.lemanzane.com\/en#\/schema\/person\/e6dda7aa454834615ea236c913ad03b3\",\"name\":\"admin\",\"image\":{\"@type\":\"ImageObject\",\"inLanguage\":\"en-US\",\"@id\":\"https:\/\/www.lemanzane.com\/en#\/schema\/person\/image\/\",\"url\":\"https:\/\/secure.gravatar.com\/avatar\/0203c64317189b052a0e15f71876911b?s=96&d=mm&r=g\",\"contentUrl\":\"https:\/\/secure.gravatar.com\/avatar\/0203c64317189b052a0e15f71876911b?s=96&d=mm&r=g\",\"caption\":\"admin\"},\"sameAs\":[\"https:\/\/demo.wabi.it\/le-manzane\"]}]}<\/script>\n<!-- \/ Yoast SEO plugin. -->","yoast_head_json":{"title":"Vendemmia solidale, la pioggia non ferma la festa - Le Manzane","robots":{"index":"index","follow":"follow","max-snippet":"max-snippet:-1","max-image-preview":"max-image-preview:large","max-video-preview":"max-video-preview:-1"},"canonical":"https:\/\/www.lemanzane.com\/en\/vendemmia-solidale-la-pioggia-non-ferma-la-festa","og_locale":"en_US","og_type":"article","og_title":"Vendemmia solidale, la pioggia non ferma la festa - Le Manzane","og_description":"Vendemmia bagnata, vendemmia fortunata. La pioggia non ha fermato la solidariet\u00e0 e i sorrisi nella nostra,\u00a0dove domenica 8 settembre,\u00a0500 persone hanno sfidato il maltempo per partecipare della grande festa dell\u2019uva giunta ormai all\u2019ottava edizione. Tra gli ospiti d\u2019onore Sammy Basso, l\u2019ex cestista italiano Riccardo Pittis, il campione 2017 della Tiramis\u00f9 World Cup Andrea Ciccolella, il [&hellip;]","og_url":"https:\/\/www.lemanzane.com\/en\/vendemmia-solidale-la-pioggia-non-ferma-la-festa","og_site_name":"Le Manzane","article_published_time":"2019-09-17T22:00:00+00:00","og_image":[{"width":500,"height":430,"url":"https:\/\/www.lemanzane.com\/wp-content\/uploads\/2019\/09\/vendemmia-home-e1568822729536.jpg","type":"image\/jpeg"}],"author":"admin","twitter_card":"summary_large_image","twitter_misc":{"Written by":"admin","Est. reading time":"4 minutes"},"schema":{"@context":"https:\/\/schema.org","@graph":[{"@type":"WebPage","@id":"https:\/\/www.lemanzane.com\/en\/vendemmia-solidale-la-pioggia-non-ferma-la-festa","url":"https:\/\/www.lemanzane.com\/en\/vendemmia-solidale-la-pioggia-non-ferma-la-festa","name":"Vendemmia solidale, la pioggia non ferma la festa - Le Manzane","isPartOf":{"@id":"https:\/\/www.lemanzane.com\/en#website"},"datePublished":"2019-09-17T22:00:00+00:00","dateModified":"2019-09-17T22:00:00+00:00","author":{"@id":"https:\/\/www.lemanzane.com\/en#\/schema\/person\/e6dda7aa454834615ea236c913ad03b3"},"breadcrumb":{"@id":"https:\/\/www.lemanzane.com\/en\/vendemmia-solidale-la-pioggia-non-ferma-la-festa#breadcrumb"},"inLanguage":"en-US","potentialAction":[{"@type":"ReadAction","target":["https:\/\/www.lemanzane.com\/en\/vendemmia-solidale-la-pioggia-non-ferma-la-festa"]}]},{"@type":"BreadcrumbList","@id":"https:\/\/www.lemanzane.com\/en\/vendemmia-solidale-la-pioggia-non-ferma-la-festa#breadcrumb","itemListElement":[{"@type":"ListItem","position":1,"name":"Home","item":"https:\/\/www.lemanzane.com\/en"},{"@type":"ListItem","position":2,"name":"Vendemmia solidale, la pioggia non ferma la festa"}]},{"@type":"WebSite","@id":"https:\/\/www.lemanzane.com\/en#website","url":"https:\/\/www.lemanzane.com\/en","name":"Le Manzane","description":"Cantina a San Pietro di Feletto","potentialAction":[{"@type":"SearchAction","target":{"@type":"EntryPoint","urlTemplate":"https:\/\/www.lemanzane.com\/en?s={search_term_string}"},"query-input":"required name=search_term_string"}],"inLanguage":"en-US"},{"@type":"Person","@id":"https:\/\/www.lemanzane.com\/en#\/schema\/person\/e6dda7aa454834615ea236c913ad03b3","name":"admin","image":{"@type":"ImageObject","inLanguage":"en-US","@id":"https:\/\/www.lemanzane.com\/en#\/schema\/person\/image\/","url":"https:\/\/secure.gravatar.com\/avatar\/0203c64317189b052a0e15f71876911b?s=96&d=mm&r=g","contentUrl":"https:\/\/secure.gravatar.com\/avatar\/0203c64317189b052a0e15f71876911b?s=96&d=mm&r=g","caption":"admin"},"sameAs":["https:\/\/demo.wabi.it\/le-manzane"]}]}},"_links":{"self":[{"href":"https:\/\/www.lemanzane.com\/en\/wp-json\/wp\/v2\/posts\/14433"}],"collection":[{"href":"https:\/\/www.lemanzane.com\/en\/wp-json\/wp\/v2\/posts"}],"about":[{"href":"https:\/\/www.lemanzane.com\/en\/wp-json\/wp\/v2\/types\/post"}],"author":[{"embeddable":true,"href":"https:\/\/www.lemanzane.com\/en\/wp-json\/wp\/v2\/users\/1"}],"replies":[{"embeddable":true,"href":"https:\/\/www.lemanzane.com\/en\/wp-json\/wp\/v2\/comments?post=14433"}],"version-history":[{"count":0,"href":"https:\/\/www.lemanzane.com\/en\/wp-json\/wp\/v2\/posts\/14433\/revisions"}],"wp:featuredmedia":[{"embeddable":true,"href":"https:\/\/www.lemanzane.com\/en\/wp-json\/wp\/v2\/media\/14434"}],"wp:attachment":[{"href":"https:\/\/www.lemanzane.com\/en\/wp-json\/wp\/v2\/media?parent=14433"}],"wp:term":[{"taxonomy":"category","embeddable":true,"href":"https:\/\/www.lemanzane.com\/en\/wp-json\/wp\/v2\/categories?post=14433"},{"taxonomy":"post_tag","embeddable":true,"href":"https:\/\/www.lemanzane.com\/en\/wp-json\/wp\/v2\/tags?post=14433"}],"curies":[{"name":"wp","href":"https:\/\/api.w.org\/{rel}","templated":true}]}}