{"id":14456,"date":"2020-01-08T00:00:00","date_gmt":"2020-01-07T23:00:00","guid":{"rendered":"https:\/\/demo.wabi.it\/le-manzane\/le-manzane-per-la-sla"},"modified":"2020-01-08T00:00:00","modified_gmt":"2020-01-07T23:00:00","slug":"le-manzane-per-la-sla","status":"publish","type":"post","link":"https:\/\/www.lemanzane.com\/en\/le-manzane-per-la-sla","title":{"rendered":"Le Manzane per la SLA"},"content":{"rendered":"<p>Venerd\u00ec 13 dicembre \u00e8 stata presentato il nuovo <strong>Conegliano Valdobbiadene Docg Prosecco Superiore Extra Dry<\/strong> prodotto con l\u2019uva della <strong>vendemmia benefica<\/strong> dell&#8217;8 settembre.<\/p>\n<p><strong>I numeri<\/strong>: 97 quintali di uva Glera raccolti e 9 mila bottiglie prodotte per aiutare la ricerca sulla sclerosi laterale amiotrofica tramite l\u2019Associazione Revert Onlus, grazie ad un progetto sviluppato in collaborazione con l\u2019impresa sociale Edipo Re.<img decoding=\"async\" loading=\"lazy\" class=\" wp-image-1748 alignright\" src=\"https:\/\/demo.wabi.it\/le-manzane\/wp-content\/uploads\/2021\/10\/RZ5B5865-e1578491424765.jpg\" alt=\"\" width=\"246\" height=\"369\" \/><\/p>\n<p>\u00abQuel giorno &#8211; ha spiegato Ernesto Balbinot, titolare dell\u2019azienda Le Manzane &#8211; 500 persone hanno sfidato il maltempo per partecipare alla grande festa dell\u2019uva. Nonostante la pioggia, siamo riusciti a raccogliere 5 quintali di Glera. Nei giorni successivi, con i nostri ragazzi, abbiamo raccolto gli altri 92 quintali che sono stati destinati alle finalit\u00e0 benefiche della vendemmia solidale. Dopo la vendita delle bottiglie di \u201cProsecco Solidale\u201d, il passo successivo sar\u00e0 la consegna all\u2019Associazione Revert Onlus del ricavato della manifestazione: i fondi serviranno a finanziare la ricerca sulle cellule staminali cerebrali per arginare i danni provocati dalle malattie neurodegenerative. E\u2019 doveroso da parte mia fare un ringraziamento speciale a tutti gli sponsor, ai partner, ai volontari e alle centinaia di persone che ogni anno, a fine estate, partecipano con noi alla vendemmia benefica\u00bb.<\/p>\n<p>\u00abAbbiamo tutti contribuito attivamente alla raccolta fondi staccando grappoli d\u2019uva. La vendemmia solidale \u00e8 un modo per stare insieme facendo del bene e questo \u00e8 alla base del sentimento che coinvolge in maniera cos\u00ec forte le persone attorno a questa iniziativa; ecco perch\u00e9 la vendemmia solidale \u00e8 un progetto che continueremo a sostenere\u00bb, ha detto Sibylle Righetti, presidente di Edipo Re.<\/p>\n<p>\u00abIl nostro scopo &#8211; ha dichiarato Angelo Righetti, membro del consiglio direttivo di Revert &#8211; \u00e8 di riuscire a trovare le modalit\u00e0 e il sistema per curare le malattie neurodegenerative che attualmente non sono malattie curabili. Al momento stiamo portando avanti due importanti progetti: uno per la lotta alla sclerosi laterale amiotrofica e un altro per la lotta alla sclerosi multipla\u00bb.<\/p>\n<p>L\u2019<strong>Associazione Revert Onlus<\/strong> nasce nel 2003 per finanziare, promuovere e incentivare la ricerca sulle cellule staminali cerebrali con lo scopo di trovare una cura alle malattie neurodegenerative. Al momento la sperimentazione clinica su pazienti affetti da sclerosi laterale amiotrofica, condotta dal prof. Angelo Vescovi, \u00e8 una delle pi\u00f9 avanzate nel panorama scientifico internazionale e costituisce una reale possibilit\u00e0 di trovare una cura a questa malattia che colpisce in Italia 7 mila persone con 1.500 nuovi casi l\u2019anno.<\/p>\n","protected":false},"excerpt":{"rendered":"<p>Venerd\u00ec 13 dicembre \u00e8 stata presentato il nuovo Conegliano Valdobbiadene Docg Prosecco Superiore Extra Dry prodotto con l\u2019uva della vendemmia benefica dell&#8217;8 settembre. I numeri: 97 quintali di uva Glera raccolti e 9 mila bottiglie prodotte per aiutare la ricerca sulla sclerosi laterale amiotrofica tramite l\u2019Associazione Revert Onlus, grazie ad un progetto sviluppato in collaborazione [&hellip;]<\/p>\n","protected":false},"author":1,"featured_media":14457,"comment_status":"closed","ping_status":"closed","sticky":false,"template":"","format":"standard","meta":{"inline_featured_image":false,"footnotes":""},"categories":[27,28],"tags":[],"acf":[],"yoast_head":"<!-- This site is optimized with the Yoast SEO plugin v21.3 - https:\/\/yoast.com\/wordpress\/plugins\/seo\/ -->\n<title>Le Manzane per la SLA - Le Manzane<\/title>\n<meta name=\"robots\" content=\"index, follow, max-snippet:-1, max-image-preview:large, max-video-preview:-1\" \/>\n<link rel=\"canonical\" href=\"https:\/\/www.lemanzane.com\/en\/le-manzane-per-la-sla\" \/>\n<meta property=\"og:locale\" content=\"en_US\" \/>\n<meta property=\"og:type\" content=\"article\" \/>\n<meta property=\"og:title\" content=\"Le Manzane per la SLA - Le Manzane\" \/>\n<meta property=\"og:description\" content=\"Venerd\u00ec 13 dicembre \u00e8 stata presentato il nuovo Conegliano Valdobbiadene Docg Prosecco Superiore Extra Dry prodotto con l\u2019uva della vendemmia benefica dell&#8217;8 settembre. I numeri: 97 quintali di uva Glera raccolti e 9 mila bottiglie prodotte per aiutare la ricerca sulla sclerosi laterale amiotrofica tramite l\u2019Associazione Revert Onlus, grazie ad un progetto sviluppato in collaborazione [&hellip;]\" \/>\n<meta property=\"og:url\" content=\"https:\/\/www.lemanzane.com\/en\/le-manzane-per-la-sla\" \/>\n<meta property=\"og:site_name\" content=\"Le Manzane\" \/>\n<meta property=\"article:published_time\" content=\"2020-01-07T23:00:00+00:00\" \/>\n<meta property=\"og:image\" content=\"https:\/\/www.lemanzane.com\/wp-content\/uploads\/2020\/01\/RZ5B5878-Copia-2.jpg\" \/>\n\t<meta property=\"og:image:width\" content=\"500\" \/>\n\t<meta property=\"og:image:height\" content=\"369\" \/>\n\t<meta property=\"og:image:type\" content=\"image\/jpeg\" \/>\n<meta name=\"author\" content=\"admin\" \/>\n<meta name=\"twitter:card\" content=\"summary_large_image\" \/>\n<meta name=\"twitter:label1\" content=\"Written by\" \/>\n\t<meta name=\"twitter:data1\" content=\"admin\" \/>\n\t<meta name=\"twitter:label2\" content=\"Est. reading time\" \/>\n\t<meta name=\"twitter:data2\" content=\"2 minutes\" \/>\n<script type=\"application\/ld+json\" class=\"yoast-schema-graph\">{\"@context\":\"https:\/\/schema.org\",\"@graph\":[{\"@type\":\"WebPage\",\"@id\":\"https:\/\/www.lemanzane.com\/en\/le-manzane-per-la-sla\",\"url\":\"https:\/\/www.lemanzane.com\/en\/le-manzane-per-la-sla\",\"name\":\"Le Manzane per la SLA - Le Manzane\",\"isPartOf\":{\"@id\":\"https:\/\/www.lemanzane.com\/en#website\"},\"datePublished\":\"2020-01-07T23:00:00+00:00\",\"dateModified\":\"2020-01-07T23:00:00+00:00\",\"author\":{\"@id\":\"https:\/\/www.lemanzane.com\/en#\/schema\/person\/e6dda7aa454834615ea236c913ad03b3\"},\"breadcrumb\":{\"@id\":\"https:\/\/www.lemanzane.com\/en\/le-manzane-per-la-sla#breadcrumb\"},\"inLanguage\":\"en-US\",\"potentialAction\":[{\"@type\":\"ReadAction\",\"target\":[\"https:\/\/www.lemanzane.com\/en\/le-manzane-per-la-sla\"]}]},{\"@type\":\"BreadcrumbList\",\"@id\":\"https:\/\/www.lemanzane.com\/en\/le-manzane-per-la-sla#breadcrumb\",\"itemListElement\":[{\"@type\":\"ListItem\",\"position\":1,\"name\":\"Home\",\"item\":\"https:\/\/www.lemanzane.com\/en\"},{\"@type\":\"ListItem\",\"position\":2,\"name\":\"Le Manzane per la SLA\"}]},{\"@type\":\"WebSite\",\"@id\":\"https:\/\/www.lemanzane.com\/en#website\",\"url\":\"https:\/\/www.lemanzane.com\/en\",\"name\":\"Le Manzane\",\"description\":\"Cantina a San Pietro di Feletto\",\"potentialAction\":[{\"@type\":\"SearchAction\",\"target\":{\"@type\":\"EntryPoint\",\"urlTemplate\":\"https:\/\/www.lemanzane.com\/en?s={search_term_string}\"},\"query-input\":\"required name=search_term_string\"}],\"inLanguage\":\"en-US\"},{\"@type\":\"Person\",\"@id\":\"https:\/\/www.lemanzane.com\/en#\/schema\/person\/e6dda7aa454834615ea236c913ad03b3\",\"name\":\"admin\",\"image\":{\"@type\":\"ImageObject\",\"inLanguage\":\"en-US\",\"@id\":\"https:\/\/www.lemanzane.com\/en#\/schema\/person\/image\/\",\"url\":\"https:\/\/secure.gravatar.com\/avatar\/0203c64317189b052a0e15f71876911b?s=96&d=mm&r=g\",\"contentUrl\":\"https:\/\/secure.gravatar.com\/avatar\/0203c64317189b052a0e15f71876911b?s=96&d=mm&r=g\",\"caption\":\"admin\"},\"sameAs\":[\"https:\/\/demo.wabi.it\/le-manzane\"]}]}<\/script>\n<!-- \/ Yoast SEO plugin. -->","yoast_head_json":{"title":"Le Manzane per la SLA - Le Manzane","robots":{"index":"index","follow":"follow","max-snippet":"max-snippet:-1","max-image-preview":"max-image-preview:large","max-video-preview":"max-video-preview:-1"},"canonical":"https:\/\/www.lemanzane.com\/en\/le-manzane-per-la-sla","og_locale":"en_US","og_type":"article","og_title":"Le Manzane per la SLA - Le Manzane","og_description":"Venerd\u00ec 13 dicembre \u00e8 stata presentato il nuovo Conegliano Valdobbiadene Docg Prosecco Superiore Extra Dry prodotto con l\u2019uva della vendemmia benefica dell&#8217;8 settembre. I numeri: 97 quintali di uva Glera raccolti e 9 mila bottiglie prodotte per aiutare la ricerca sulla sclerosi laterale amiotrofica tramite l\u2019Associazione Revert Onlus, grazie ad un progetto sviluppato in collaborazione [&hellip;]","og_url":"https:\/\/www.lemanzane.com\/en\/le-manzane-per-la-sla","og_site_name":"Le Manzane","article_published_time":"2020-01-07T23:00:00+00:00","og_image":[{"width":500,"height":369,"url":"https:\/\/www.lemanzane.com\/wp-content\/uploads\/2020\/01\/RZ5B5878-Copia-2.jpg","type":"image\/jpeg"}],"author":"admin","twitter_card":"summary_large_image","twitter_misc":{"Written by":"admin","Est. reading time":"2 minutes"},"schema":{"@context":"https:\/\/schema.org","@graph":[{"@type":"WebPage","@id":"https:\/\/www.lemanzane.com\/en\/le-manzane-per-la-sla","url":"https:\/\/www.lemanzane.com\/en\/le-manzane-per-la-sla","name":"Le Manzane per la SLA - Le Manzane","isPartOf":{"@id":"https:\/\/www.lemanzane.com\/en#website"},"datePublished":"2020-01-07T23:00:00+00:00","dateModified":"2020-01-07T23:00:00+00:00","author":{"@id":"https:\/\/www.lemanzane.com\/en#\/schema\/person\/e6dda7aa454834615ea236c913ad03b3"},"breadcrumb":{"@id":"https:\/\/www.lemanzane.com\/en\/le-manzane-per-la-sla#breadcrumb"},"inLanguage":"en-US","potentialAction":[{"@type":"ReadAction","target":["https:\/\/www.lemanzane.com\/en\/le-manzane-per-la-sla"]}]},{"@type":"BreadcrumbList","@id":"https:\/\/www.lemanzane.com\/en\/le-manzane-per-la-sla#breadcrumb","itemListElement":[{"@type":"ListItem","position":1,"name":"Home","item":"https:\/\/www.lemanzane.com\/en"},{"@type":"ListItem","position":2,"name":"Le Manzane per la SLA"}]},{"@type":"WebSite","@id":"https:\/\/www.lemanzane.com\/en#website","url":"https:\/\/www.lemanzane.com\/en","name":"Le Manzane","description":"Cantina a San Pietro di Feletto","potentialAction":[{"@type":"SearchAction","target":{"@type":"EntryPoint","urlTemplate":"https:\/\/www.lemanzane.com\/en?s={search_term_string}"},"query-input":"required name=search_term_string"}],"inLanguage":"en-US"},{"@type":"Person","@id":"https:\/\/www.lemanzane.com\/en#\/schema\/person\/e6dda7aa454834615ea236c913ad03b3","name":"admin","image":{"@type":"ImageObject","inLanguage":"en-US","@id":"https:\/\/www.lemanzane.com\/en#\/schema\/person\/image\/","url":"https:\/\/secure.gravatar.com\/avatar\/0203c64317189b052a0e15f71876911b?s=96&d=mm&r=g","contentUrl":"https:\/\/secure.gravatar.com\/avatar\/0203c64317189b052a0e15f71876911b?s=96&d=mm&r=g","caption":"admin"},"sameAs":["https:\/\/demo.wabi.it\/le-manzane"]}]}},"_links":{"self":[{"href":"https:\/\/www.lemanzane.com\/en\/wp-json\/wp\/v2\/posts\/14456"}],"collection":[{"href":"https:\/\/www.lemanzane.com\/en\/wp-json\/wp\/v2\/posts"}],"about":[{"href":"https:\/\/www.lemanzane.com\/en\/wp-json\/wp\/v2\/types\/post"}],"author":[{"embeddable":true,"href":"https:\/\/www.lemanzane.com\/en\/wp-json\/wp\/v2\/users\/1"}],"replies":[{"embeddable":true,"href":"https:\/\/www.lemanzane.com\/en\/wp-json\/wp\/v2\/comments?post=14456"}],"version-history":[{"count":0,"href":"https:\/\/www.lemanzane.com\/en\/wp-json\/wp\/v2\/posts\/14456\/revisions"}],"wp:featuredmedia":[{"embeddable":true,"href":"https:\/\/www.lemanzane.com\/en\/wp-json\/wp\/v2\/media\/14457"}],"wp:attachment":[{"href":"https:\/\/www.lemanzane.com\/en\/wp-json\/wp\/v2\/media?parent=14456"}],"wp:term":[{"taxonomy":"category","embeddable":true,"href":"https:\/\/www.lemanzane.com\/en\/wp-json\/wp\/v2\/categories?post=14456"},{"taxonomy":"post_tag","embeddable":true,"href":"https:\/\/www.lemanzane.com\/en\/wp-json\/wp\/v2\/tags?post=14456"}],"curies":[{"name":"wp","href":"https:\/\/api.w.org\/{rel}","templated":true}]}}