{"id":14479,"date":"2020-08-04T00:00:00","date_gmt":"2020-08-03T22:00:00","guid":{"rendered":"https:\/\/demo.wabi.it\/le-manzane\/vendemmiasolidale19-consegnati-13-780-euro-per-la-ricerca-sulla-sla"},"modified":"2020-08-04T00:00:00","modified_gmt":"2020-08-03T22:00:00","slug":"vendemmiasolidale19-consegnati-13-780-euro-per-la-ricerca-sulla-sla","status":"publish","type":"post","link":"https:\/\/www.lemanzane.com\/en\/vendemmiasolidale19-consegnati-13-780-euro-per-la-ricerca-sulla-sla","title":{"rendered":"#VendemmiaSolidale19: consegnati 13.780 euro per la ricerca sulla SLA"},"content":{"rendered":"<p>&nbsp;<\/p>\n<p><img decoding=\"async\" loading=\"lazy\" class=\"wp-image-1888 alignleft\" src=\"https:\/\/demo.wabi.it\/le-manzane\/wp-content\/uploads\/2021\/10\/9c65cd49-3551-45e5-8999-7d998855338a.jpg\" alt=\"\" width=\"259\" height=\"259\" \/>Un\u2019altra battaglia vinta grazie alla solidariet\u00e0. Un assegno di <strong>13.780<\/strong> euro \u00e8 stato consegnato alla <strong>onlus Revert<\/strong> per la <strong>ricerca sulla SLA<\/strong>, grazie ad un progetto sviluppato in collaborazione con l\u2019impresa sociale <strong>Edipo Re,<\/strong>\u00a0ricavato dell\u2019<strong>8\u00aa \u201cVendemmia solidale &#8211; Festa e beneficenza nella Terra del Prosecco Superiore\u201d <\/strong>dello scorso 8 settembre alla cantina <strong>Le Manzane<\/strong>.<\/p>\n<p>\u00abE&#8217; stata scritta l\u2019ultima pagina di questo bellissimo progetto &#8211; hanno spiegato <strong>Ernesto Balbinot e la moglie Silvana Ceschin, titolari dell\u2019azienda Le Manzane<\/strong> &#8211; siamo felici di contribuire nel nostro piccolo a finanziare la ricerca sulle cellule staminali cerebrali per arginare i danni provocati dalle malattie neurodegenerative. E\u2019 doveroso da parte nostra ringraziare tutti gli sponsor, i partner, i tanti volontari e le centinaia di persone che ogni anno, a fine estate, partecipano con noi all\u2019evento benefico che quest\u2019anno arriver\u00e0 alla nona edizione. La vendemmia solidale, infatti, non si ferma e a settembre il ricavato della festa della raccolta dell\u2019uva sar\u00e0 devoluto ai reparti Covid dell\u2019Ulss 2 Marca Trevigiana\u00bb.<img decoding=\"async\" loading=\"lazy\" class=\" wp-image-1892 alignright\" src=\"https:\/\/demo.wabi.it\/le-manzane\/wp-content\/uploads\/2021\/10\/df9d74c2-5430-4df0-8345-bba48899e26a.jpg\" alt=\"\" width=\"325\" height=\"325\" \/><\/p>\n<p>\u00ab8 anni di solidariet\u00e0 per mettere a disposizione delle risorse per chi vive situazioni di difficolt\u00e0. Abbiamo un\u2019azienda che restituisce al territorio. Credo che di questo vada dato atto alla cantina Le Manzane\u00bb, ha dichiarato<strong> Loris Dalto, vicesindaco di San Pietro di Feletto<\/strong>, presente al momento della consegna dell\u2019assegno.<\/p>\n<p>\u00abIl ricavato della vendemmia solidale &#8211; ha detto <strong>Angelo Righetti, membro del consiglio direttivo di Revert<\/strong> &#8211; sar\u00e0 destinato a vari progetti della Rete dell&#8217;Economia Sociale Internazionale. Il pi\u00f9 rilevante \u00e8 quello che sta portando avanti Revert per la ricerca sulle malattie neurodegenerative come la SLA e la sperimentazione direttamente sui pazienti. In un sistema di rete e in una regione, come il Veneto, che pu\u00f2 vantare un\u2019altissima percentuale di volontari sul totale della popolazione, iniziative come questa possono fare la differenza soprattutto per una onlus come la nostra che riscontra molte difficolt\u00e0 a ricevere finanziamenti pubblici. La donazione della vendemmia solidale rappresenta per noi un tassello importante per realizzare progetti pi\u00f9 grandi\u00bb.<\/p>\n<p>Nel frattempo <strong>Sibylle Righetti, presidente di Edipo Re<\/strong>, ha annunciato l\u2019ultima novit\u00e0: una partnership che porter\u00e0 ogni anno la vendemmia solidale dalle colline del Prosecco Superiore di Conegliano Valdobbiadene sull\u2019Isola Edipo a Venezia, unendo virtualmente tra loro due siti Unesco. \u00abIl contributo che abbiamo deciso di dare come impresa sociale &#8211; ha spiegato &#8211; \u00e8 di servire, a bordo dell\u2019Edipo Re, anche il prosecco solidale, frutto della grande festa della raccolta dell\u2019uva organizzata dalla tenuta Le Manzane, con i nostri prodotti a kilometro etico. Un\u2019idea partita l\u2019anno scorso quando abbiamo iniziato a veicolare il messaggio della vendemmia solidale durante il Social Food Festival, uno spazio degustazione nel cuore la Mostra del Cinema di Venezia, e che ripeteremo ogni anno sostenendo in questo modo l\u2019iniziativa benefica\u00bb.<\/p>\n<p><strong>I partner e gli sponsor che hanno condiviso gli obiettivi benefici della vendemmia solidale 2019 sono:<\/strong> Antenna Tre, Arti Grafiche Conegliano, Banca Prealpi SanBiagio, Battistella Capsule, Dersut Caffe\u2019, Foto Francesco Galifi, Generalvetri, Icas, Ideeuropee, Ristorante Relais Ca\u2019 del Poggio, Rotas, S. Bernardo Tappi Spumante e S&#8217;Paul n&#8217; Co. Design. L\u2019iniziativa \u00e8 stata patrocinata dalla Regione del Veneto, dalla Provincia di Treviso e dai Comuni di San Pietro di Feletto, Conegliano e Valdobbiadene con il sostegno del Consorzio Tutela del Vino Conegliano Valdobbiadene Prosecco, dell\u2019associazione di promozione sociale XI di \u201cMarca\u201d e del Club n\u00b0 40 Frecce Tricolori Conegliano.<\/p>\n<p>L\u2019Associazione Revert Onlus nasce nel 2003 per finanziare, promuovere e incentivare la ricerca sulle cellule staminali cerebrali con lo scopo di trovare una cura alle malattie neurodegenerative. Al momento la sperimentazione clinica su pazienti affetti da sclerosi laterale amiotrofica, condotta dal prof. Angelo Vescovi, \u00e8 una delle pi\u00f9 avanzate nel panorama scientifico internazionale e costituisce una reale possibilit\u00e0 di trovare una cura a questa malattia che colpisce in Italia 7 mila persone con 1.500 nuovi casi l\u2019anno.<\/p>\n<p><img decoding=\"async\" loading=\"lazy\" class=\"aligncenter  wp-image-1890\" src=\"https:\/\/demo.wabi.it\/le-manzane\/wp-content\/uploads\/2021\/10\/5011a371-588f-45b5-becf-0e360928ebcb.jpg\" alt=\"\" width=\"530\" height=\"353\" \/><\/p>\n","protected":false},"excerpt":{"rendered":"<p>&nbsp; Un\u2019altra battaglia vinta grazie alla solidariet\u00e0. Un assegno di 13.780 euro \u00e8 stato consegnato alla onlus Revert per la ricerca sulla SLA, grazie ad un progetto sviluppato in collaborazione con l\u2019impresa sociale Edipo Re,\u00a0ricavato dell\u20198\u00aa \u201cVendemmia solidale &#8211; Festa e beneficenza nella Terra del Prosecco Superiore\u201d dello scorso 8 settembre alla cantina Le Manzane. [&hellip;]<\/p>\n","protected":false},"author":1,"featured_media":14480,"comment_status":"closed","ping_status":"closed","sticky":false,"template":"","format":"standard","meta":{"inline_featured_image":false,"footnotes":""},"categories":[27,28],"tags":[],"acf":[],"yoast_head":"<!-- This site is optimized with the Yoast SEO plugin v21.3 - https:\/\/yoast.com\/wordpress\/plugins\/seo\/ -->\n<title>#VendemmiaSolidale19: consegnati 13.780 euro per la ricerca sulla SLA - Le Manzane<\/title>\n<meta name=\"robots\" content=\"index, follow, max-snippet:-1, max-image-preview:large, max-video-preview:-1\" \/>\n<link rel=\"canonical\" href=\"https:\/\/www.lemanzane.com\/en\/vendemmiasolidale19-consegnati-13-780-euro-per-la-ricerca-sulla-sla\" \/>\n<meta property=\"og:locale\" content=\"en_US\" \/>\n<meta property=\"og:type\" content=\"article\" \/>\n<meta property=\"og:title\" content=\"#VendemmiaSolidale19: consegnati 13.780 euro per la ricerca sulla SLA - Le Manzane\" \/>\n<meta property=\"og:description\" content=\"&nbsp; Un\u2019altra battaglia vinta grazie alla solidariet\u00e0. Un assegno di 13.780 euro \u00e8 stato consegnato alla onlus Revert per la ricerca sulla SLA, grazie ad un progetto sviluppato in collaborazione con l\u2019impresa sociale Edipo Re,\u00a0ricavato dell\u20198\u00aa \u201cVendemmia solidale &#8211; Festa e beneficenza nella Terra del Prosecco Superiore\u201d dello scorso 8 settembre alla cantina Le Manzane. [&hellip;]\" \/>\n<meta property=\"og:url\" content=\"https:\/\/www.lemanzane.com\/en\/vendemmiasolidale19-consegnati-13-780-euro-per-la-ricerca-sulla-sla\" \/>\n<meta property=\"og:site_name\" content=\"Le Manzane\" \/>\n<meta property=\"article:published_time\" content=\"2020-08-03T22:00:00+00:00\" \/>\n<meta property=\"og:image\" content=\"https:\/\/www.lemanzane.com\/wp-content\/uploads\/2020\/08\/MANZANE.jpg\" \/>\n\t<meta property=\"og:image:width\" content=\"500\" \/>\n\t<meta property=\"og:image:height\" content=\"350\" \/>\n\t<meta property=\"og:image:type\" content=\"image\/jpeg\" \/>\n<meta name=\"author\" content=\"admin\" \/>\n<meta name=\"twitter:card\" content=\"summary_large_image\" \/>\n<meta name=\"twitter:label1\" content=\"Written by\" \/>\n\t<meta name=\"twitter:data1\" content=\"admin\" \/>\n\t<meta name=\"twitter:label2\" content=\"Est. reading time\" \/>\n\t<meta name=\"twitter:data2\" content=\"3 minutes\" \/>\n<script type=\"application\/ld+json\" class=\"yoast-schema-graph\">{\"@context\":\"https:\/\/schema.org\",\"@graph\":[{\"@type\":\"WebPage\",\"@id\":\"https:\/\/www.lemanzane.com\/en\/vendemmiasolidale19-consegnati-13-780-euro-per-la-ricerca-sulla-sla\",\"url\":\"https:\/\/www.lemanzane.com\/en\/vendemmiasolidale19-consegnati-13-780-euro-per-la-ricerca-sulla-sla\",\"name\":\"#VendemmiaSolidale19: consegnati 13.780 euro per la ricerca sulla SLA - Le Manzane\",\"isPartOf\":{\"@id\":\"https:\/\/www.lemanzane.com\/en#website\"},\"datePublished\":\"2020-08-03T22:00:00+00:00\",\"dateModified\":\"2020-08-03T22:00:00+00:00\",\"author\":{\"@id\":\"https:\/\/www.lemanzane.com\/en#\/schema\/person\/e6dda7aa454834615ea236c913ad03b3\"},\"breadcrumb\":{\"@id\":\"https:\/\/www.lemanzane.com\/en\/vendemmiasolidale19-consegnati-13-780-euro-per-la-ricerca-sulla-sla#breadcrumb\"},\"inLanguage\":\"en-US\",\"potentialAction\":[{\"@type\":\"ReadAction\",\"target\":[\"https:\/\/www.lemanzane.com\/en\/vendemmiasolidale19-consegnati-13-780-euro-per-la-ricerca-sulla-sla\"]}]},{\"@type\":\"BreadcrumbList\",\"@id\":\"https:\/\/www.lemanzane.com\/en\/vendemmiasolidale19-consegnati-13-780-euro-per-la-ricerca-sulla-sla#breadcrumb\",\"itemListElement\":[{\"@type\":\"ListItem\",\"position\":1,\"name\":\"Home\",\"item\":\"https:\/\/www.lemanzane.com\/en\"},{\"@type\":\"ListItem\",\"position\":2,\"name\":\"#VendemmiaSolidale19: consegnati 13.780 euro per la ricerca sulla SLA\"}]},{\"@type\":\"WebSite\",\"@id\":\"https:\/\/www.lemanzane.com\/en#website\",\"url\":\"https:\/\/www.lemanzane.com\/en\",\"name\":\"Le Manzane\",\"description\":\"Cantina a San Pietro di Feletto\",\"potentialAction\":[{\"@type\":\"SearchAction\",\"target\":{\"@type\":\"EntryPoint\",\"urlTemplate\":\"https:\/\/www.lemanzane.com\/en?s={search_term_string}\"},\"query-input\":\"required name=search_term_string\"}],\"inLanguage\":\"en-US\"},{\"@type\":\"Person\",\"@id\":\"https:\/\/www.lemanzane.com\/en#\/schema\/person\/e6dda7aa454834615ea236c913ad03b3\",\"name\":\"admin\",\"image\":{\"@type\":\"ImageObject\",\"inLanguage\":\"en-US\",\"@id\":\"https:\/\/www.lemanzane.com\/en#\/schema\/person\/image\/\",\"url\":\"https:\/\/secure.gravatar.com\/avatar\/0203c64317189b052a0e15f71876911b?s=96&d=mm&r=g\",\"contentUrl\":\"https:\/\/secure.gravatar.com\/avatar\/0203c64317189b052a0e15f71876911b?s=96&d=mm&r=g\",\"caption\":\"admin\"},\"sameAs\":[\"https:\/\/demo.wabi.it\/le-manzane\"]}]}<\/script>\n<!-- \/ Yoast SEO plugin. -->","yoast_head_json":{"title":"#VendemmiaSolidale19: consegnati 13.780 euro per la ricerca sulla SLA - Le Manzane","robots":{"index":"index","follow":"follow","max-snippet":"max-snippet:-1","max-image-preview":"max-image-preview:large","max-video-preview":"max-video-preview:-1"},"canonical":"https:\/\/www.lemanzane.com\/en\/vendemmiasolidale19-consegnati-13-780-euro-per-la-ricerca-sulla-sla","og_locale":"en_US","og_type":"article","og_title":"#VendemmiaSolidale19: consegnati 13.780 euro per la ricerca sulla SLA - Le Manzane","og_description":"&nbsp; Un\u2019altra battaglia vinta grazie alla solidariet\u00e0. Un assegno di 13.780 euro \u00e8 stato consegnato alla onlus Revert per la ricerca sulla SLA, grazie ad un progetto sviluppato in collaborazione con l\u2019impresa sociale Edipo Re,\u00a0ricavato dell\u20198\u00aa \u201cVendemmia solidale &#8211; Festa e beneficenza nella Terra del Prosecco Superiore\u201d dello scorso 8 settembre alla cantina Le Manzane. [&hellip;]","og_url":"https:\/\/www.lemanzane.com\/en\/vendemmiasolidale19-consegnati-13-780-euro-per-la-ricerca-sulla-sla","og_site_name":"Le Manzane","article_published_time":"2020-08-03T22:00:00+00:00","og_image":[{"width":500,"height":350,"url":"https:\/\/www.lemanzane.com\/wp-content\/uploads\/2020\/08\/MANZANE.jpg","type":"image\/jpeg"}],"author":"admin","twitter_card":"summary_large_image","twitter_misc":{"Written by":"admin","Est. reading time":"3 minutes"},"schema":{"@context":"https:\/\/schema.org","@graph":[{"@type":"WebPage","@id":"https:\/\/www.lemanzane.com\/en\/vendemmiasolidale19-consegnati-13-780-euro-per-la-ricerca-sulla-sla","url":"https:\/\/www.lemanzane.com\/en\/vendemmiasolidale19-consegnati-13-780-euro-per-la-ricerca-sulla-sla","name":"#VendemmiaSolidale19: consegnati 13.780 euro per la ricerca sulla SLA - Le Manzane","isPartOf":{"@id":"https:\/\/www.lemanzane.com\/en#website"},"datePublished":"2020-08-03T22:00:00+00:00","dateModified":"2020-08-03T22:00:00+00:00","author":{"@id":"https:\/\/www.lemanzane.com\/en#\/schema\/person\/e6dda7aa454834615ea236c913ad03b3"},"breadcrumb":{"@id":"https:\/\/www.lemanzane.com\/en\/vendemmiasolidale19-consegnati-13-780-euro-per-la-ricerca-sulla-sla#breadcrumb"},"inLanguage":"en-US","potentialAction":[{"@type":"ReadAction","target":["https:\/\/www.lemanzane.com\/en\/vendemmiasolidale19-consegnati-13-780-euro-per-la-ricerca-sulla-sla"]}]},{"@type":"BreadcrumbList","@id":"https:\/\/www.lemanzane.com\/en\/vendemmiasolidale19-consegnati-13-780-euro-per-la-ricerca-sulla-sla#breadcrumb","itemListElement":[{"@type":"ListItem","position":1,"name":"Home","item":"https:\/\/www.lemanzane.com\/en"},{"@type":"ListItem","position":2,"name":"#VendemmiaSolidale19: consegnati 13.780 euro per la ricerca sulla SLA"}]},{"@type":"WebSite","@id":"https:\/\/www.lemanzane.com\/en#website","url":"https:\/\/www.lemanzane.com\/en","name":"Le Manzane","description":"Cantina a San Pietro di Feletto","potentialAction":[{"@type":"SearchAction","target":{"@type":"EntryPoint","urlTemplate":"https:\/\/www.lemanzane.com\/en?s={search_term_string}"},"query-input":"required name=search_term_string"}],"inLanguage":"en-US"},{"@type":"Person","@id":"https:\/\/www.lemanzane.com\/en#\/schema\/person\/e6dda7aa454834615ea236c913ad03b3","name":"admin","image":{"@type":"ImageObject","inLanguage":"en-US","@id":"https:\/\/www.lemanzane.com\/en#\/schema\/person\/image\/","url":"https:\/\/secure.gravatar.com\/avatar\/0203c64317189b052a0e15f71876911b?s=96&d=mm&r=g","contentUrl":"https:\/\/secure.gravatar.com\/avatar\/0203c64317189b052a0e15f71876911b?s=96&d=mm&r=g","caption":"admin"},"sameAs":["https:\/\/demo.wabi.it\/le-manzane"]}]}},"_links":{"self":[{"href":"https:\/\/www.lemanzane.com\/en\/wp-json\/wp\/v2\/posts\/14479"}],"collection":[{"href":"https:\/\/www.lemanzane.com\/en\/wp-json\/wp\/v2\/posts"}],"about":[{"href":"https:\/\/www.lemanzane.com\/en\/wp-json\/wp\/v2\/types\/post"}],"author":[{"embeddable":true,"href":"https:\/\/www.lemanzane.com\/en\/wp-json\/wp\/v2\/users\/1"}],"replies":[{"embeddable":true,"href":"https:\/\/www.lemanzane.com\/en\/wp-json\/wp\/v2\/comments?post=14479"}],"version-history":[{"count":0,"href":"https:\/\/www.lemanzane.com\/en\/wp-json\/wp\/v2\/posts\/14479\/revisions"}],"wp:featuredmedia":[{"embeddable":true,"href":"https:\/\/www.lemanzane.com\/en\/wp-json\/wp\/v2\/media\/14480"}],"wp:attachment":[{"href":"https:\/\/www.lemanzane.com\/en\/wp-json\/wp\/v2\/media?parent=14479"}],"wp:term":[{"taxonomy":"category","embeddable":true,"href":"https:\/\/www.lemanzane.com\/en\/wp-json\/wp\/v2\/categories?post=14479"},{"taxonomy":"post_tag","embeddable":true,"href":"https:\/\/www.lemanzane.com\/en\/wp-json\/wp\/v2\/tags?post=14479"}],"curies":[{"name":"wp","href":"https:\/\/api.w.org\/{rel}","templated":true}]}}